{"id":477,"date":"2021-12-12T12:44:42","date_gmt":"2021-12-12T11:44:42","guid":{"rendered":"http:\/\/blog.norderschwei.de\/?p=477"},"modified":"2021-12-12T16:47:03","modified_gmt":"2021-12-12T15:47:03","slug":"es-wird-spannend-heute","status":"publish","type":"post","link":"http:\/\/blog.norderschwei.de\/?p=477","title":{"rendered":"Es wird spannend heute"},"content":{"rendered":"\n<p>Heute ist das gro\u00dfe Finale der Formel 1 &#8211; Lewis Hamilton oder Max Verstappen &#8211; wer gewinnt das Rennen und damit den Titel? Ich hoffe dass Lewis gewinnt oder wenigstens vor Max ins Ziel kommt &#8211; fahre ja selber 2 Mercedes &#8211; einer davon sogar ein AMG &#8211; von daher kann ich nicht anders \ud83d\ude09<\/p>\n\n\n\n<p>Gucke mir das Rennen auf 100&#8243; an &#8211; mittendrin statt nur dabei <\/p>\n\n\n\n<figure class=\"wp-block-image size-large\"><img loading=\"lazy\" decoding=\"async\" width=\"1024\" height=\"768\" src=\"http:\/\/blog.norderschwei.de\/wp-content\/uploads\/2021\/12\/20211212_113742043_iOS-1024x768.jpg\" alt=\"\" class=\"wp-image-478\" srcset=\"http:\/\/blog.norderschwei.de\/wp-content\/uploads\/2021\/12\/20211212_113742043_iOS-1024x768.jpg 1024w, http:\/\/blog.norderschwei.de\/wp-content\/uploads\/2021\/12\/20211212_113742043_iOS-300x225.jpg 300w, http:\/\/blog.norderschwei.de\/wp-content\/uploads\/2021\/12\/20211212_113742043_iOS-768x576.jpg 768w, http:\/\/blog.norderschwei.de\/wp-content\/uploads\/2021\/12\/20211212_113742043_iOS-1536x1152.jpg 1536w, http:\/\/blog.norderschwei.de\/wp-content\/uploads\/2021\/12\/20211212_113742043_iOS-2048x1536.jpg 2048w, http:\/\/blog.norderschwei.de\/wp-content\/uploads\/2021\/12\/20211212_113742043_iOS-100x75.jpg 100w\" sizes=\"auto, (max-width: 1024px) 100vw, 1024px\" \/><\/figure>\n\n\n\n<figure class=\"wp-block-image size-large\"><img loading=\"lazy\" decoding=\"async\" width=\"1024\" height=\"768\" src=\"http:\/\/blog.norderschwei.de\/wp-content\/uploads\/2021\/12\/20211212_124958009_iOS-1024x768.jpg\" alt=\"\" class=\"wp-image-480\" srcset=\"http:\/\/blog.norderschwei.de\/wp-content\/uploads\/2021\/12\/20211212_124958009_iOS-1024x768.jpg 1024w, http:\/\/blog.norderschwei.de\/wp-content\/uploads\/2021\/12\/20211212_124958009_iOS-300x225.jpg 300w, http:\/\/blog.norderschwei.de\/wp-content\/uploads\/2021\/12\/20211212_124958009_iOS-768x576.jpg 768w, http:\/\/blog.norderschwei.de\/wp-content\/uploads\/2021\/12\/20211212_124958009_iOS-1536x1152.jpg 1536w, http:\/\/blog.norderschwei.de\/wp-content\/uploads\/2021\/12\/20211212_124958009_iOS-2048x1536.jpg 2048w, http:\/\/blog.norderschwei.de\/wp-content\/uploads\/2021\/12\/20211212_124958009_iOS-100x75.jpg 100w\" sizes=\"auto, (max-width: 1024px) 100vw, 1024px\" \/><figcaption>Alles bereit f\u00fcr\u00b4s Rennen \ud83d\ude00 <\/figcaption><\/figure>\n\n\n\n<p>F\u00fcr mich ist Verstappen NICHT Weltmeister &#8211; die FIA hat mal wieder so entschieden wie sie wollte &#8211; frei nach Pipi Langstrumpf &#8211; ich mach mir die Welt wie sie mir gef\u00e4llt &#8211; und hat damit die Weltmeisterschaft beeinflusst. Oder wie soll man es werten, dass erst \u00fcberrundete Fahrer nicht das Safety-Car \u00fcberholen d\u00fcrfen und dann pl\u00f6tzlich doch &#8211; ist doch l\u00e4cherlich. Sorry FIA -ihr seid l\u00e4cherlich &#8211; lasst es doch einfach!<\/p>\n\n\n\n<p>Sehr sch\u00f6n &#8211; Mercedes hat Protest gegen Verstappen eingelegt &#8211; Versto\u00df gegen das sportliche Reglement <\/p>\n","protected":false},"excerpt":{"rendered":"<p>Heute ist das gro\u00dfe Finale der Formel 1 &#8211; Lewis Hamilton oder Max Verstappen &#8211; wer gewinnt das Rennen und damit den Titel? Ich hoffe<\/p>\n","protected":false},"author":1,"featured_media":0,"comment_status":"open","ping_status":"open","sticky":false,"template":"","format":"standard","meta":{"footnotes":""},"categories":[8,3],"tags":[],"class_list":["post-477","post","type-post","status-publish","format-standard","hentry","category-bilder","category-markus"],"_links":{"self":[{"href":"http:\/\/blog.norderschwei.de\/index.php?rest_route=\/wp\/v2\/posts\/477","targetHints":{"allow":["GET"]}}],"collection":[{"href":"http:\/\/blog.norderschwei.de\/index.php?rest_route=\/wp\/v2\/posts"}],"about":[{"href":"http:\/\/blog.norderschwei.de\/index.php?rest_route=\/wp\/v2\/types\/post"}],"author":[{"embeddable":true,"href":"http:\/\/blog.norderschwei.de\/index.php?rest_route=\/wp\/v2\/users\/1"}],"replies":[{"embeddable":true,"href":"http:\/\/blog.norderschwei.de\/index.php?rest_route=%2Fwp%2Fv2%2Fcomments&post=477"}],"version-history":[{"count":4,"href":"http:\/\/blog.norderschwei.de\/index.php?rest_route=\/wp\/v2\/posts\/477\/revisions"}],"predecessor-version":[{"id":485,"href":"http:\/\/blog.norderschwei.de\/index.php?rest_route=\/wp\/v2\/posts\/477\/revisions\/485"}],"wp:attachment":[{"href":"http:\/\/blog.norderschwei.de\/index.php?rest_route=%2Fwp%2Fv2%2Fmedia&parent=477"}],"wp:term":[{"taxonomy":"category","embeddable":true,"href":"http:\/\/blog.norderschwei.de\/index.php?rest_route=%2Fwp%2Fv2%2Fcategories&post=477"},{"taxonomy":"post_tag","embeddable":true,"href":"http:\/\/blog.norderschwei.de\/index.php?rest_route=%2Fwp%2Fv2%2Ftags&post=477"}],"curies":[{"name":"wp","href":"https:\/\/api.w.org\/{rel}","templated":true}]}}