{"id":854,"date":"2024-10-04T13:09:14","date_gmt":"2024-10-04T11:09:14","guid":{"rendered":"http:\/\/blog.norderschwei.de\/?p=854"},"modified":"2024-10-04T15:10:25","modified_gmt":"2024-10-04T13:10:25","slug":"warum-ist-blacky-so-hartnaeckig","status":"publish","type":"post","link":"http:\/\/blog.norderschwei.de\/?p=854","title":{"rendered":"Warum ist Blacky so hartn\u00e4ckig?"},"content":{"rendered":"\n<p>Blacky, die Henne die im Fr\u00fchjahr 4 K\u00fcken ausgebr\u00fctet und aufgezogen hat, hat schon wieder Nachwuchs. Aktuell sind es 2 K\u00fcken und 3 Eier hat sie noch.<\/p>\n\n\n\n<p>Hier schon mal ein Bild von einem kleinen Schwarzen als es recht frisch geschl\u00fcpft war. Das Andere ist gelb &#8211; wird also wei\u00df<\/p>\n\n\n\n<figure class=\"wp-block-image size-large\"><img loading=\"lazy\" decoding=\"async\" width=\"1024\" height=\"768\" src=\"http:\/\/blog.norderschwei.de\/wp-content\/uploads\/2024\/10\/20241003_140716518_iOS-1024x768.jpg\" alt=\"\" class=\"wp-image-855\" srcset=\"http:\/\/blog.norderschwei.de\/wp-content\/uploads\/2024\/10\/20241003_140716518_iOS-1024x768.jpg 1024w, http:\/\/blog.norderschwei.de\/wp-content\/uploads\/2024\/10\/20241003_140716518_iOS-300x225.jpg 300w, http:\/\/blog.norderschwei.de\/wp-content\/uploads\/2024\/10\/20241003_140716518_iOS-768x576.jpg 768w, http:\/\/blog.norderschwei.de\/wp-content\/uploads\/2024\/10\/20241003_140716518_iOS-1536x1152.jpg 1536w, http:\/\/blog.norderschwei.de\/wp-content\/uploads\/2024\/10\/20241003_140716518_iOS-2048x1536.jpg 2048w, http:\/\/blog.norderschwei.de\/wp-content\/uploads\/2024\/10\/20241003_140716518_iOS-100x75.jpg 100w\" sizes=\"auto, (max-width: 1024px) 100vw, 1024px\" \/><\/figure>\n\n\n\n<figure class=\"wp-block-image size-large\"><img loading=\"lazy\" decoding=\"async\" width=\"1024\" height=\"768\" src=\"http:\/\/blog.norderschwei.de\/wp-content\/uploads\/2024\/10\/20241004_130314797_iOS-1024x768.jpg\" alt=\"\" class=\"wp-image-857\" srcset=\"http:\/\/blog.norderschwei.de\/wp-content\/uploads\/2024\/10\/20241004_130314797_iOS-1024x768.jpg 1024w, http:\/\/blog.norderschwei.de\/wp-content\/uploads\/2024\/10\/20241004_130314797_iOS-300x225.jpg 300w, http:\/\/blog.norderschwei.de\/wp-content\/uploads\/2024\/10\/20241004_130314797_iOS-768x576.jpg 768w, http:\/\/blog.norderschwei.de\/wp-content\/uploads\/2024\/10\/20241004_130314797_iOS-1536x1152.jpg 1536w, http:\/\/blog.norderschwei.de\/wp-content\/uploads\/2024\/10\/20241004_130314797_iOS-2048x1536.jpg 2048w, http:\/\/blog.norderschwei.de\/wp-content\/uploads\/2024\/10\/20241004_130314797_iOS-100x75.jpg 100w\" sizes=\"auto, (max-width: 1024px) 100vw, 1024px\" \/><\/figure>\n\n\n\n<p>Bis jetzt sind es 2 &#8211; ob noch mehr kommt ist ungewiss. <\/p>\n\n\n\n<p>Achja &#8211; das Schwarze ein Wiedervereinigungsk\u00fcken \ud83d\ude42<\/p>\n","protected":false},"excerpt":{"rendered":"<p>Blacky, die Henne die im Fr\u00fchjahr 4 K\u00fcken ausgebr\u00fctet und aufgezogen hat, hat schon wieder Nachwuchs. Aktuell sind es 2 K\u00fcken und 3 Eier hat<\/p>\n","protected":false},"author":1,"featured_media":0,"comment_status":"closed","ping_status":"open","sticky":false,"template":"","format":"standard","meta":{"footnotes":""},"categories":[8,7],"tags":[],"class_list":["post-854","post","type-post","status-publish","format-standard","hentry","category-bilder","category-huehner"],"_links":{"self":[{"href":"http:\/\/blog.norderschwei.de\/index.php?rest_route=\/wp\/v2\/posts\/854","targetHints":{"allow":["GET"]}}],"collection":[{"href":"http:\/\/blog.norderschwei.de\/index.php?rest_route=\/wp\/v2\/posts"}],"about":[{"href":"http:\/\/blog.norderschwei.de\/index.php?rest_route=\/wp\/v2\/types\/post"}],"author":[{"embeddable":true,"href":"http:\/\/blog.norderschwei.de\/index.php?rest_route=\/wp\/v2\/users\/1"}],"replies":[{"embeddable":true,"href":"http:\/\/blog.norderschwei.de\/index.php?rest_route=%2Fwp%2Fv2%2Fcomments&post=854"}],"version-history":[{"count":2,"href":"http:\/\/blog.norderschwei.de\/index.php?rest_route=\/wp\/v2\/posts\/854\/revisions"}],"predecessor-version":[{"id":859,"href":"http:\/\/blog.norderschwei.de\/index.php?rest_route=\/wp\/v2\/posts\/854\/revisions\/859"}],"wp:attachment":[{"href":"http:\/\/blog.norderschwei.de\/index.php?rest_route=%2Fwp%2Fv2%2Fmedia&parent=854"}],"wp:term":[{"taxonomy":"category","embeddable":true,"href":"http:\/\/blog.norderschwei.de\/index.php?rest_route=%2Fwp%2Fv2%2Fcategories&post=854"},{"taxonomy":"post_tag","embeddable":true,"href":"http:\/\/blog.norderschwei.de\/index.php?rest_route=%2Fwp%2Fv2%2Ftags&post=854"}],"curies":[{"name":"wp","href":"https:\/\/api.w.org\/{rel}","templated":true}]}}